{"id":1575,"date":"2025-12-03T09:54:08","date_gmt":"2025-12-03T08:54:08","guid":{"rendered":"https:\/\/www.lagerbedor.eu\/WP\/?p=1575"},"modified":"2025-12-11T12:22:09","modified_gmt":"2025-12-11T11:22:09","slug":"concert-de-noel-2025","status":"publish","type":"post","link":"https:\/\/www.lagerbedor.eu\/WP\/concert-de-noel-2025\/","title":{"rendered":"Concert de Noel 2025"},"content":{"rendered":"\n<figure class=\"wp-block-image size-full is-resized\"><a href=\"https:\/\/www.lagerbedor.eu\/WP\/wp-content\/uploads\/2025\/12\/Img-concert.jpg\"><img loading=\"lazy\" decoding=\"async\" width=\"694\" height=\"983\" src=\"https:\/\/www.lagerbedor.eu\/WP\/wp-content\/uploads\/2025\/12\/Img-concert.jpg\" alt=\"\" class=\"wp-image-1587\" style=\"aspect-ratio:0.7060030785017958;width:135px;height:auto\" srcset=\"https:\/\/www.lagerbedor.eu\/WP\/wp-content\/uploads\/2025\/12\/Img-concert.jpg 694w, https:\/\/www.lagerbedor.eu\/WP\/wp-content\/uploads\/2025\/12\/Img-concert-212x300.jpg 212w\" sizes=\"auto, (max-width: 694px) 100vw, 694px\" \/><\/a><\/figure>\n\n\n\n<p>Le 14 d\u00e9cembre \u00e0 17 Heures Salle des f\u00eates de Saint Loup Cammas nous vous pr\u00e9senterons notre concert de No\u00ebl.<\/p>\n\n\n\n<div data-client-id=\"db943fd8f1e0450184fcf83c5ef10933\" class=\"wp-block-tropicalista-pdfembed\" id=\"pdf-1\" style=\"height:500px\" data-api-key=\"\" data-file-name=\"Affiche concert .pdf-1\" data-media-url=\"https:\/\/www.lagerbedor.eu\/WP\/wp-content\/uploads\/2025\/12\/Affiche-concert-.pdf-1.pdf\" data-default-view-mode=\"FIT_PAGE\"><\/div>\n\n\n\n<p><a href=\"https:\/\/www.ladepeche.fr\/2025\/12\/10\/concert-de-noel-de-la-gerbe-dordimanche-14-decembre-13101509.php\" target=\"_blank\" rel=\"noreferrer noopener\">La presse<\/a><\/p>\n\n\n\n<p><\/p>\n\n\n\n<p><\/p>\n\n\n\n<p><\/p>\n","protected":false},"excerpt":{"rendered":"<p>Le 14 d\u00e9cembre \u00e0 17 Heures Salle des f\u00eates de Saint Loup Cammas nous vous pr\u00e9senterons notre concert de No\u00ebl. La presse<\/p>\n","protected":false},"author":1,"featured_media":0,"comment_status":"open","ping_status":"open","sticky":false,"template":"","format":"standard","meta":{"ngg_post_thumbnail":0,"_EventAllDay":false,"_EventTimezone":"","_EventStartDate":"","_EventEndDate":"","_EventStartDateUTC":"","_EventEndDateUTC":"","_EventShowMap":false,"_EventShowMapLink":false,"_EventURL":"","_EventCost":"","_EventCostDescription":"","_EventCurrencySymbol":"","_EventCurrencyCode":"","_EventCurrencyPosition":"","_EventDateTimeSeparator":"","_EventTimeRangeSeparator":"","_EventOrganizerID":[],"_EventVenueID":[],"_OrganizerEmail":"","_OrganizerPhone":"","_OrganizerWebsite":"","_VenueAddress":"","_VenueCity":"","_VenueCountry":"","_VenueProvince":"","_VenueState":"","_VenueZip":"","_VenuePhone":"","_VenueURL":"","_VenueStateProvince":"","_VenueLat":"","_VenueLng":"","_VenueShowMap":false,"_VenueShowMapLink":false,"footnotes":""},"categories":[1],"tags":[],"class_list":["post-1575","post","type-post","status-publish","format-standard","hentry","category-non-classe"],"_links":{"self":[{"href":"https:\/\/www.lagerbedor.eu\/WP\/wp-json\/wp\/v2\/posts\/1575","targetHints":{"allow":["GET"]}}],"collection":[{"href":"https:\/\/www.lagerbedor.eu\/WP\/wp-json\/wp\/v2\/posts"}],"about":[{"href":"https:\/\/www.lagerbedor.eu\/WP\/wp-json\/wp\/v2\/types\/post"}],"author":[{"embeddable":true,"href":"https:\/\/www.lagerbedor.eu\/WP\/wp-json\/wp\/v2\/users\/1"}],"replies":[{"embeddable":true,"href":"https:\/\/www.lagerbedor.eu\/WP\/wp-json\/wp\/v2\/comments?post=1575"}],"version-history":[{"count":6,"href":"https:\/\/www.lagerbedor.eu\/WP\/wp-json\/wp\/v2\/posts\/1575\/revisions"}],"predecessor-version":[{"id":1590,"href":"https:\/\/www.lagerbedor.eu\/WP\/wp-json\/wp\/v2\/posts\/1575\/revisions\/1590"}],"wp:attachment":[{"href":"https:\/\/www.lagerbedor.eu\/WP\/wp-json\/wp\/v2\/media?parent=1575"}],"wp:term":[{"taxonomy":"category","embeddable":true,"href":"https:\/\/www.lagerbedor.eu\/WP\/wp-json\/wp\/v2\/categories?post=1575"},{"taxonomy":"post_tag","embeddable":true,"href":"https:\/\/www.lagerbedor.eu\/WP\/wp-json\/wp\/v2\/tags?post=1575"}],"curies":[{"name":"wp","href":"https:\/\/api.w.org\/{rel}","templated":true}]}}